{"id":699,"date":"2021-09-15T23:08:12","date_gmt":"2021-09-15T21:08:12","guid":{"rendered":"https:\/\/lockedinsyndrom.de\/?p=699"},"modified":"2021-09-15T23:08:12","modified_gmt":"2021-09-15T21:08:12","slug":"im-stehpult","status":"publish","type":"post","link":"https:\/\/lockedinsyndrom.de\/?p=699","title":{"rendered":"Im Stehpult"},"content":{"rendered":"\n<div class=\"wp-block-image\"><figure class=\"alignleft size-large is-resized\"><a href=\"https:\/\/lockedinsyndrom.de\/wordpress\/wp-content\/uploads\/2021\/09\/2021-07-28-20.10.04-rotated.jpg\"><img loading=\"lazy\" src=\"https:\/\/lockedinsyndrom.de\/wordpress\/wp-content\/uploads\/2021\/09\/2021-07-28-20.10.04-759x1024.jpg\" alt=\"\" class=\"wp-image-700\" width=\"392\" height=\"528\" srcset=\"https:\/\/lockedinsyndrom.de\/wordpress\/wp-content\/uploads\/2021\/09\/2021-07-28-20.10.04-759x1024.jpg 759w, https:\/\/lockedinsyndrom.de\/wordpress\/wp-content\/uploads\/2021\/09\/2021-07-28-20.10.04-222x300.jpg 222w, https:\/\/lockedinsyndrom.de\/wordpress\/wp-content\/uploads\/2021\/09\/2021-07-28-20.10.04-768x1036.jpg 768w, https:\/\/lockedinsyndrom.de\/wordpress\/wp-content\/uploads\/2021\/09\/2021-07-28-20.10.04-1139x1536.jpg 1139w, https:\/\/lockedinsyndrom.de\/wordpress\/wp-content\/uploads\/2021\/09\/2021-07-28-20.10.04-rotated.jpg 1246w\" sizes=\"(max-width: 392px) 100vw, 392px\" \/><\/a><\/figure><\/div>\n\n\n\n<figure class=\"wp-block-image size-large is-resized\"><a href=\"https:\/\/lockedinsyndrom.de\/wordpress\/wp-content\/uploads\/2021\/09\/2021-08-20-21.00.26-rotated.jpg\"><img loading=\"lazy\" src=\"https:\/\/lockedinsyndrom.de\/wordpress\/wp-content\/uploads\/2021\/09\/2021-08-20-21.00.26-759x1024.jpg\" alt=\"\" class=\"wp-image-701\" width=\"399\" height=\"538\" srcset=\"https:\/\/lockedinsyndrom.de\/wordpress\/wp-content\/uploads\/2021\/09\/2021-08-20-21.00.26-759x1024.jpg 759w, https:\/\/lockedinsyndrom.de\/wordpress\/wp-content\/uploads\/2021\/09\/2021-08-20-21.00.26-222x300.jpg 222w, https:\/\/lockedinsyndrom.de\/wordpress\/wp-content\/uploads\/2021\/09\/2021-08-20-21.00.26-768x1036.jpg 768w, https:\/\/lockedinsyndrom.de\/wordpress\/wp-content\/uploads\/2021\/09\/2021-08-20-21.00.26-1139x1536.jpg 1139w, https:\/\/lockedinsyndrom.de\/wordpress\/wp-content\/uploads\/2021\/09\/2021-08-20-21.00.26-rotated.jpg 1246w\" sizes=\"(max-width: 399px) 100vw, 399px\" \/><\/a><figcaption>Im Augenblick stehe ich h\u00e4ufiger im Stehpult, da ich bemerke, dass mein K\u00f6rper schw\u00e4cher wird.<br>Und nat\u00fcrlich versuche ich dem entgegen zu wirken.<\/figcaption><\/figure>\n\n\n\n<div class=\"wp-block-image\"><figure class=\"alignleft size-large is-resized\"><a href=\"https:\/\/lockedinsyndrom.de\/wordpress\/wp-content\/uploads\/2021\/09\/2021-08-20-21.00.57-rotated.jpg\"><img loading=\"lazy\" src=\"https:\/\/lockedinsyndrom.de\/wordpress\/wp-content\/uploads\/2021\/09\/2021-08-20-21.00.57-759x1024.jpg\" alt=\"\" class=\"wp-image-702\" width=\"395\" height=\"533\" srcset=\"https:\/\/lockedinsyndrom.de\/wordpress\/wp-content\/uploads\/2021\/09\/2021-08-20-21.00.57-759x1024.jpg 759w, https:\/\/lockedinsyndrom.de\/wordpress\/wp-content\/uploads\/2021\/09\/2021-08-20-21.00.57-222x300.jpg 222w, https:\/\/lockedinsyndrom.de\/wordpress\/wp-content\/uploads\/2021\/09\/2021-08-20-21.00.57-768x1036.jpg 768w, https:\/\/lockedinsyndrom.de\/wordpress\/wp-content\/uploads\/2021\/09\/2021-08-20-21.00.57-1139x1536.jpg 1139w, https:\/\/lockedinsyndrom.de\/wordpress\/wp-content\/uploads\/2021\/09\/2021-08-20-21.00.57-rotated.jpg 1246w\" sizes=\"(max-width: 395px) 100vw, 395px\" \/><\/a><figcaption>Meine H\u00fcndin Feli ist immer dabei.<\/figcaption><\/figure><\/div>\n\n\n\n<p><\/p>\n","protected":false},"excerpt":{"rendered":"","protected":false},"author":1,"featured_media":0,"comment_status":"open","ping_status":"open","sticky":false,"template":"","format":"standard","meta":[],"categories":[1],"tags":[],"_links":{"self":[{"href":"https:\/\/lockedinsyndrom.de\/index.php?rest_route=\/wp\/v2\/posts\/699"}],"collection":[{"href":"https:\/\/lockedinsyndrom.de\/index.php?rest_route=\/wp\/v2\/posts"}],"about":[{"href":"https:\/\/lockedinsyndrom.de\/index.php?rest_route=\/wp\/v2\/types\/post"}],"author":[{"embeddable":true,"href":"https:\/\/lockedinsyndrom.de\/index.php?rest_route=\/wp\/v2\/users\/1"}],"replies":[{"embeddable":true,"href":"https:\/\/lockedinsyndrom.de\/index.php?rest_route=%2Fwp%2Fv2%2Fcomments&post=699"}],"version-history":[{"count":4,"href":"https:\/\/lockedinsyndrom.de\/index.php?rest_route=\/wp\/v2\/posts\/699\/revisions"}],"predecessor-version":[{"id":706,"href":"https:\/\/lockedinsyndrom.de\/index.php?rest_route=\/wp\/v2\/posts\/699\/revisions\/706"}],"wp:attachment":[{"href":"https:\/\/lockedinsyndrom.de\/index.php?rest_route=%2Fwp%2Fv2%2Fmedia&parent=699"}],"wp:term":[{"taxonomy":"category","embeddable":true,"href":"https:\/\/lockedinsyndrom.de\/index.php?rest_route=%2Fwp%2Fv2%2Fcategories&post=699"},{"taxonomy":"post_tag","embeddable":true,"href":"https:\/\/lockedinsyndrom.de\/index.php?rest_route=%2Fwp%2Fv2%2Ftags&post=699"}],"curies":[{"name":"wp","href":"https:\/\/api.w.org\/{rel}","templated":true}]}}