{"id":538,"date":"2014-10-29T15:31:33","date_gmt":"2014-10-29T15:31:33","guid":{"rendered":"http:\/\/lockedinsyndrom.de\/?p=538"},"modified":"2014-10-29T15:31:33","modified_gmt":"2014-10-29T15:31:33","slug":"besuch-in-der-grundschule","status":"publish","type":"post","link":"https:\/\/lockedinsyndrom.de\/?p=538","title":{"rendered":"Besuch in der Grundschule"},"content":{"rendered":"<p><a href=\"http:\/\/lockedinsyndrom.de\/wordpress\/wp-content\/uploads\/2014\/10\/In-der-Grundschule-am-10.-September-14.jpg\"><img loading=\"lazy\" class=\"alignleft size-medium wp-image-539\" title=\"In der Grundschule am 10.  September 14\" src=\"http:\/\/lockedinsyndrom.de\/wordpress\/wp-content\/uploads\/2014\/10\/In-der-Grundschule-am-10.-September-14-300x225.jpg\" alt=\"\" width=\"300\" height=\"225\" srcset=\"https:\/\/lockedinsyndrom.de\/wordpress\/wp-content\/uploads\/2014\/10\/In-der-Grundschule-am-10.-September-14-300x225.jpg 300w, https:\/\/lockedinsyndrom.de\/wordpress\/wp-content\/uploads\/2014\/10\/In-der-Grundschule-am-10.-September-14.jpg 768w\" sizes=\"(max-width: 300px) 100vw, 300px\" \/><\/a>Letzte Woche waren Momo und ich in einer Grundschule         eingeladen.<br \/>\nDie Kinder haben das Thema Behinderung anhand von mir         durchgesprochen..<br \/>\nJedes Kind hatte mir Wochen zuvor einen Brief geschrieben, und         beim Besuch habe ich viele Bilder und Armb\u00e4nder geschenkt         bekommen. Total sch\u00f6n! Und ihre anf\u00e4ngliche Scheu war schnell         weg. Sehr sehr toll! Und von Momo waren sie nat\u00fcrlich begeistert<\/p>\n","protected":false},"excerpt":{"rendered":"<p>Letzte Woche waren Momo und ich in einer Grundschule eingeladen. Die Kinder haben das Thema Behinderung anhand von mir durchgesprochen.. Jedes Kind hatte mir Wochen zuvor einen Brief geschrieben, und beim Besuch habe ich viele Bilder und Armb\u00e4nder geschenkt bekommen. Total sch\u00f6n! Und ihre anf\u00e4ngliche Scheu war schnell weg. Sehr sehr toll! Und von Momo [&hellip;]<\/p>\n","protected":false},"author":1,"featured_media":0,"comment_status":"open","ping_status":"open","sticky":false,"template":"","format":"standard","meta":[],"categories":[3],"tags":[],"_links":{"self":[{"href":"https:\/\/lockedinsyndrom.de\/index.php?rest_route=\/wp\/v2\/posts\/538"}],"collection":[{"href":"https:\/\/lockedinsyndrom.de\/index.php?rest_route=\/wp\/v2\/posts"}],"about":[{"href":"https:\/\/lockedinsyndrom.de\/index.php?rest_route=\/wp\/v2\/types\/post"}],"author":[{"embeddable":true,"href":"https:\/\/lockedinsyndrom.de\/index.php?rest_route=\/wp\/v2\/users\/1"}],"replies":[{"embeddable":true,"href":"https:\/\/lockedinsyndrom.de\/index.php?rest_route=%2Fwp%2Fv2%2Fcomments&post=538"}],"version-history":[{"count":1,"href":"https:\/\/lockedinsyndrom.de\/index.php?rest_route=\/wp\/v2\/posts\/538\/revisions"}],"predecessor-version":[{"id":540,"href":"https:\/\/lockedinsyndrom.de\/index.php?rest_route=\/wp\/v2\/posts\/538\/revisions\/540"}],"wp:attachment":[{"href":"https:\/\/lockedinsyndrom.de\/index.php?rest_route=%2Fwp%2Fv2%2Fmedia&parent=538"}],"wp:term":[{"taxonomy":"category","embeddable":true,"href":"https:\/\/lockedinsyndrom.de\/index.php?rest_route=%2Fwp%2Fv2%2Fcategories&post=538"},{"taxonomy":"post_tag","embeddable":true,"href":"https:\/\/lockedinsyndrom.de\/index.php?rest_route=%2Fwp%2Fv2%2Ftags&post=538"}],"curies":[{"name":"wp","href":"https:\/\/api.w.org\/{rel}","templated":true}]}}