{"id":461,"date":"2013-07-10T12:04:49","date_gmt":"2013-07-10T12:04:49","guid":{"rendered":"http:\/\/lockedinsyndrom.de\/?p=461"},"modified":"2013-07-10T12:05:29","modified_gmt":"2013-07-10T12:05:29","slug":"ergotherapie-2","status":"publish","type":"post","link":"https:\/\/lockedinsyndrom.de\/?p=461","title":{"rendered":"Ergotherapie"},"content":{"rendered":"<p>Da\u00a0 meine langj\u00e4hrige Ergotherapeutin ihre T\u00e4tigkeit leider beendet hat, mu\u00dfte ich mir eine neue Praxis suchen.<\/p>\n<p>An dieser Stelle auch noch einmal ein herzliches\u00a0<strong>Dankesch\u00f6n<\/strong> f\u00fcr \u00fcber 10 gemeinsame Jahre!<\/p>\n<p>Jetzt habe ich zwei neue Therapeutinnnen\u00a0und ich bin sehr zufrieden.<\/p>\n<p>Ich sehe, wie wichtig f\u00fcr mich die Mobilisation ist.<\/p>\n<p><a href=\"http:\/\/lockedinsyndrom.de\/wordpress\/wp-content\/uploads\/2013\/07\/Ergotherapie-am-20.-Juni-13.jpg\"><img loading=\"lazy\" class=\"alignleft size-medium wp-image-466\" title=\"Ergotherapie\" src=\"http:\/\/lockedinsyndrom.de\/wordpress\/wp-content\/uploads\/2013\/07\/Ergotherapie-am-20.-Juni-13-300x224.jpg\" alt=\"\" width=\"300\" height=\"224\" srcset=\"https:\/\/lockedinsyndrom.de\/wordpress\/wp-content\/uploads\/2013\/07\/Ergotherapie-am-20.-Juni-13-300x224.jpg 300w, https:\/\/lockedinsyndrom.de\/wordpress\/wp-content\/uploads\/2013\/07\/Ergotherapie-am-20.-Juni-13-1024x767.jpg 1024w, https:\/\/lockedinsyndrom.de\/wordpress\/wp-content\/uploads\/2013\/07\/Ergotherapie-am-20.-Juni-13.jpg 1095w\" sizes=\"(max-width: 300px) 100vw, 300px\" \/><\/a><a href=\"http:\/\/lockedinsyndrom.de\/wordpress\/wp-content\/uploads\/2013\/07\/Ergotherapie-am-20.-Juni-13b.jpg\"><img loading=\"lazy\" class=\"alignleft size-medium wp-image-465\" title=\"Ergotherapie\" src=\"http:\/\/lockedinsyndrom.de\/wordpress\/wp-content\/uploads\/2013\/07\/Ergotherapie-am-20.-Juni-13b-300x224.jpg\" alt=\"\" width=\"300\" height=\"224\" srcset=\"https:\/\/lockedinsyndrom.de\/wordpress\/wp-content\/uploads\/2013\/07\/Ergotherapie-am-20.-Juni-13b-300x224.jpg 300w, https:\/\/lockedinsyndrom.de\/wordpress\/wp-content\/uploads\/2013\/07\/Ergotherapie-am-20.-Juni-13b-1024x767.jpg 1024w, https:\/\/lockedinsyndrom.de\/wordpress\/wp-content\/uploads\/2013\/07\/Ergotherapie-am-20.-Juni-13b.jpg 1095w\" sizes=\"(max-width: 300px) 100vw, 300px\" \/><\/a><a href=\"http:\/\/lockedinsyndrom.de\/wordpress\/wp-content\/uploads\/2013\/07\/Ergotherapie-am-20.-Juni-13c.jpg\"><img loading=\"lazy\" class=\"alignleft size-medium wp-image-464\" title=\"Ergotherapie\" src=\"http:\/\/lockedinsyndrom.de\/wordpress\/wp-content\/uploads\/2013\/07\/Ergotherapie-am-20.-Juni-13c-300x224.jpg\" alt=\"\" width=\"300\" height=\"224\" srcset=\"https:\/\/lockedinsyndrom.de\/wordpress\/wp-content\/uploads\/2013\/07\/Ergotherapie-am-20.-Juni-13c-300x224.jpg 300w, https:\/\/lockedinsyndrom.de\/wordpress\/wp-content\/uploads\/2013\/07\/Ergotherapie-am-20.-Juni-13c-1024x767.jpg 1024w, https:\/\/lockedinsyndrom.de\/wordpress\/wp-content\/uploads\/2013\/07\/Ergotherapie-am-20.-Juni-13c.jpg 1095w\" sizes=\"(max-width: 300px) 100vw, 300px\" \/><\/a><a href=\"http:\/\/lockedinsyndrom.de\/wordpress\/wp-content\/uploads\/2013\/07\/Ergotherapie-am-4.Juli-13-c.jpg\"><img loading=\"lazy\" class=\"alignleft size-medium wp-image-463\" title=\"Ergotherapie\" src=\"http:\/\/lockedinsyndrom.de\/wordpress\/wp-content\/uploads\/2013\/07\/Ergotherapie-am-4.Juli-13-c-300x224.jpg\" alt=\"\" width=\"300\" height=\"224\" srcset=\"https:\/\/lockedinsyndrom.de\/wordpress\/wp-content\/uploads\/2013\/07\/Ergotherapie-am-4.Juli-13-c-300x224.jpg 300w, https:\/\/lockedinsyndrom.de\/wordpress\/wp-content\/uploads\/2013\/07\/Ergotherapie-am-4.Juli-13-c-1024x767.jpg 1024w, https:\/\/lockedinsyndrom.de\/wordpress\/wp-content\/uploads\/2013\/07\/Ergotherapie-am-4.Juli-13-c.jpg 1095w\" sizes=\"(max-width: 300px) 100vw, 300px\" \/><\/a><a href=\"http:\/\/lockedinsyndrom.de\/wordpress\/wp-content\/uploads\/2013\/07\/Ergotherapie-am-4.Juli-13.jpg\"><img loading=\"lazy\" class=\"alignleft size-medium wp-image-462\" title=\"Ergotherapie\" src=\"http:\/\/lockedinsyndrom.de\/wordpress\/wp-content\/uploads\/2013\/07\/Ergotherapie-am-4.Juli-13-300x224.jpg\" alt=\"\" width=\"300\" height=\"224\" srcset=\"https:\/\/lockedinsyndrom.de\/wordpress\/wp-content\/uploads\/2013\/07\/Ergotherapie-am-4.Juli-13-300x224.jpg 300w, https:\/\/lockedinsyndrom.de\/wordpress\/wp-content\/uploads\/2013\/07\/Ergotherapie-am-4.Juli-13-1024x767.jpg 1024w, https:\/\/lockedinsyndrom.de\/wordpress\/wp-content\/uploads\/2013\/07\/Ergotherapie-am-4.Juli-13.jpg 1095w\" sizes=\"(max-width: 300px) 100vw, 300px\" \/><\/a><\/p>\n","protected":false},"excerpt":{"rendered":"<p>Da\u00a0 meine langj\u00e4hrige Ergotherapeutin ihre T\u00e4tigkeit leider beendet hat, mu\u00dfte ich mir eine neue Praxis suchen. An dieser Stelle auch noch einmal ein herzliches\u00a0Dankesch\u00f6n f\u00fcr \u00fcber 10 gemeinsame Jahre! Jetzt habe ich zwei neue Therapeutinnnen\u00a0und ich bin sehr zufrieden. Ich sehe, wie wichtig f\u00fcr mich die Mobilisation ist.<\/p>\n","protected":false},"author":1,"featured_media":0,"comment_status":"open","ping_status":"open","sticky":false,"template":"","format":"standard","meta":[],"categories":[3],"tags":[14,18,25,66],"_links":{"self":[{"href":"https:\/\/lockedinsyndrom.de\/index.php?rest_route=\/wp\/v2\/posts\/461"}],"collection":[{"href":"https:\/\/lockedinsyndrom.de\/index.php?rest_route=\/wp\/v2\/posts"}],"about":[{"href":"https:\/\/lockedinsyndrom.de\/index.php?rest_route=\/wp\/v2\/types\/post"}],"author":[{"embeddable":true,"href":"https:\/\/lockedinsyndrom.de\/index.php?rest_route=\/wp\/v2\/users\/1"}],"replies":[{"embeddable":true,"href":"https:\/\/lockedinsyndrom.de\/index.php?rest_route=%2Fwp%2Fv2%2Fcomments&post=461"}],"version-history":[{"count":5,"href":"https:\/\/lockedinsyndrom.de\/index.php?rest_route=\/wp\/v2\/posts\/461\/revisions"}],"predecessor-version":[{"id":471,"href":"https:\/\/lockedinsyndrom.de\/index.php?rest_route=\/wp\/v2\/posts\/461\/revisions\/471"}],"wp:attachment":[{"href":"https:\/\/lockedinsyndrom.de\/index.php?rest_route=%2Fwp%2Fv2%2Fmedia&parent=461"}],"wp:term":[{"taxonomy":"category","embeddable":true,"href":"https:\/\/lockedinsyndrom.de\/index.php?rest_route=%2Fwp%2Fv2%2Fcategories&post=461"},{"taxonomy":"post_tag","embeddable":true,"href":"https:\/\/lockedinsyndrom.de\/index.php?rest_route=%2Fwp%2Fv2%2Ftags&post=461"}],"curies":[{"name":"wp","href":"https:\/\/api.w.org\/{rel}","templated":true}]}}