{"id":248,"date":"2010-06-21T09:09:59","date_gmt":"2010-06-21T09:09:59","guid":{"rendered":"http:\/\/lockedinsyndrom.de\/?p=248"},"modified":"2010-06-21T09:10:16","modified_gmt":"2010-06-21T09:10:16","slug":"sommer-im-park","status":"publish","type":"post","link":"https:\/\/lockedinsyndrom.de\/?p=248","title":{"rendered":"Sommer im Park"},"content":{"rendered":"<p><a href=\"http:\/\/lockedinsyndrom.de\/wordpress\/wp-content\/uploads\/2010\/06\/Ergotherapie-Mai-10.-1a.jpg\"><img loading=\"lazy\" class=\"alignleft size-medium wp-image-249\" title=\"Ergotherapie Mai 10. 1a\" src=\"http:\/\/lockedinsyndrom.de\/wordpress\/wp-content\/uploads\/2010\/06\/Ergotherapie-Mai-10.-1a-300x225.jpg\" alt=\"\" width=\"300\" height=\"225\" srcset=\"https:\/\/lockedinsyndrom.de\/wordpress\/wp-content\/uploads\/2010\/06\/Ergotherapie-Mai-10.-1a-300x225.jpg 300w, https:\/\/lockedinsyndrom.de\/wordpress\/wp-content\/uploads\/2010\/06\/Ergotherapie-Mai-10.-1a.jpg 800w\" sizes=\"(max-width: 300px) 100vw, 300px\" \/><\/a>Im Mai 10 haben mich meine beiden Therapeutinnen aus der Ergotherapie im sonnigen Park erst auf eine Parkbank und sp\u00e4ter auf einen liegenden Baumstamm gesetzt. Ich war total gl\u00fccklich und stolz,wie gut das geklappt hat. Ein Highlight in der Therapie!<\/p>\n<p><em>An dieser Stelle m\u00f6chte ich mich bei den beiden noch einmal bedanken!<\/em><\/p>\n","protected":false},"excerpt":{"rendered":"<p>Im Mai 10 haben mich meine beiden Therapeutinnen aus der Ergotherapie im sonnigen Park erst auf eine Parkbank und sp\u00e4ter auf einen liegenden Baumstamm gesetzt. Ich war total gl\u00fccklich und stolz,wie gut das geklappt hat. Ein Highlight in der Therapie! An dieser Stelle m\u00f6chte ich mich bei den beiden noch einmal bedanken!<\/p>\n","protected":false},"author":1,"featured_media":0,"comment_status":"open","ping_status":"open","sticky":false,"template":"","format":"standard","meta":[],"categories":[3],"tags":[14,18,20,19],"_links":{"self":[{"href":"https:\/\/lockedinsyndrom.de\/index.php?rest_route=\/wp\/v2\/posts\/248"}],"collection":[{"href":"https:\/\/lockedinsyndrom.de\/index.php?rest_route=\/wp\/v2\/posts"}],"about":[{"href":"https:\/\/lockedinsyndrom.de\/index.php?rest_route=\/wp\/v2\/types\/post"}],"author":[{"embeddable":true,"href":"https:\/\/lockedinsyndrom.de\/index.php?rest_route=\/wp\/v2\/users\/1"}],"replies":[{"embeddable":true,"href":"https:\/\/lockedinsyndrom.de\/index.php?rest_route=%2Fwp%2Fv2%2Fcomments&post=248"}],"version-history":[{"count":3,"href":"https:\/\/lockedinsyndrom.de\/index.php?rest_route=\/wp\/v2\/posts\/248\/revisions"}],"predecessor-version":[{"id":252,"href":"https:\/\/lockedinsyndrom.de\/index.php?rest_route=\/wp\/v2\/posts\/248\/revisions\/252"}],"wp:attachment":[{"href":"https:\/\/lockedinsyndrom.de\/index.php?rest_route=%2Fwp%2Fv2%2Fmedia&parent=248"}],"wp:term":[{"taxonomy":"category","embeddable":true,"href":"https:\/\/lockedinsyndrom.de\/index.php?rest_route=%2Fwp%2Fv2%2Fcategories&post=248"},{"taxonomy":"post_tag","embeddable":true,"href":"https:\/\/lockedinsyndrom.de\/index.php?rest_route=%2Fwp%2Fv2%2Ftags&post=248"}],"curies":[{"name":"wp","href":"https:\/\/api.w.org\/{rel}","templated":true}]}}